{"id":10041,"date":"2018-08-02T17:31:36","date_gmt":"2018-08-02T15:31:36","guid":{"rendered":"https:\/\/kodmalopolska.pl\/?p=10041"},"modified":"2018-08-03T13:52:34","modified_gmt":"2018-08-03T11:52:34","slug":"oswiadczenie-zarzadu-regionu-malopolska-komitetu-obrony-demokracji-w-sprawie-przeniesienia-sedziego-waldemara-zurka","status":"publish","type":"post","link":"https:\/\/kodmalopolska.pl\/?p=10041","title":{"rendered":"O\u015bwiadczenie Zarz\u0105du Regionu Ma\u0142opolska Komitetu Obrony Demokracji w sprawie przeniesienia s\u0119dziego Waldemara \u017burka"},"content":{"rendered":"<p>Prezes S\u0105du Okr\u0119gowego w Krakowie Dagmara Pawe\u0142czyk-Woicka publicznie oznajmi\u0142a zamiar przymusowego przeniesienia s\u0119dziego Waldemara \u017burka z wydzia\u0142u odwo\u0142awczego do wydzia\u0142u rozpatruj\u0105cego sprawy w pierwszej instancji, nie wskazuj\u0105c przy tym przekonuj\u0105cych powod\u00f3w tej zmiany.<\/p>\n<p>Zamiar ten nale\u017cy zatem odczytywa\u0107 jako ch\u0119\u0107 zastosowania szykany przez prezes powo\u0142an\u0105 przez ministra Ziobr\u0119 wobec s\u0119dziego znanego z bezkompromisowej walki o zachowanie niezale\u017cno\u015bci s\u0105d\u00f3w i niezawis\u0142o\u015bci s\u0119dzi\u00f3w.<\/p>\n<p>Przyk\u0142ad ten pokazuje, jak wielk\u0105 w\u0142adz\u0119 nad s\u0119dziami nowe przepisy przyzna\u0142y prezesowi s\u0105du (a po\u015brednio faktycznie ministrowi sprawiedliwo\u015bci, a wi\u0119c politykowi) i jakie mo\u017ce to stanowi\u0107 zagro\u017cenie dla niezawis\u0142o\u015bci s\u0119dziowskiej.<\/p>\n<p>Zarz\u0105d Regionu Ma\u0142opolska Komitetu Obrony Demokracji wyra\u017ca stanowczy sprzeciw wobec takich praktyk i wzywa do zaniechania przeniesienia s\u0119dziego Waldemara \u017burka do innego wydzia\u0142u S\u0105du Okr\u0119gowego w Krakowie.<\/p>\n<p>&nbsp;<\/p>\n<p><strong>The statement of the Ma\u0142opolska Board of the Committee for the Defence of Democracy on the planned transfer of Judge Waldemar \u017burek<\/strong><\/p>\n<p>Dagmara Pawe\u0142czyk-Woicka, President of the District Court in Krakow, has announced her intention to coercively transfer Judge Waldemar \u017burek from the Appellate Chamber to the Chamber of First Instance at the District Court, without stating any convincing reasons for doing so. Consequently, the announcement made by the president appointed by Minister of Justice Zbigniew Ziobro must be interpreted as the intention to persecute the judge known for his hardline struggle for the independence of the judiciary. This example shows how decisive a power the new regulations have given to the presidents of courts (and thereby to the Minister of Justice, who is a politician) and how great a threat it poses for the judiciary independence. The Ma\u0142opolska Board of the Committee for the Defence of Democracy strongly condemns such practices and calls on the President to abandon the plan to transfer Judge \u017burek from one chamber of the District Court in Krakow to another.<\/p>\n","protected":false},"excerpt":{"rendered":"<p>Prezes S\u0105du Okr\u0119gowego w Krakowie Dagmara Pawe\u0142czyk-Woicka publicznie oznajmi\u0142a zamiar przymusowego przeniesienia s\u0119dziego Waldemara \u017burka z wydzia\u0142u odwo\u0142awczego do wydzia\u0142u [&#8230;]<\/p>\n","protected":false},"author":31,"featured_media":0,"comment_status":"closed","ping_status":"open","sticky":false,"template":"","format":"standard","meta":{"_EventAllDay":false,"_EventTimezone":"","_EventStartDate":"","_EventEndDate":"","_EventStartDateUTC":"","_EventEndDateUTC":"","_EventShowMap":false,"_EventShowMapLink":false,"_EventURL":"","_EventCost":"","_EventCostDescription":"","_EventCurrencySymbol":"","_EventCurrencyCode":"","_EventCurrencyPosition":"","_EventDateTimeSeparator":"","_EventTimeRangeSeparator":"","_EventOrganizerID":[],"_EventVenueID":[],"_OrganizerEmail":"","_OrganizerPhone":"","_OrganizerWebsite":"","_VenueAddress":"","_VenueCity":"","_VenueCountry":"","_VenueProvince":"","_VenueState":"","_VenueZip":"","_VenuePhone":"","_VenueURL":"","_VenueStateProvince":"","_VenueLat":"","_VenueLng":"","_VenueShowMap":false,"_VenueShowMapLink":false,"footnotes":""},"categories":[294],"tags":[],"class_list":["post-10041","post","type-post","status-publish","format-standard","hentry","category-komunikaty","komunikaty"],"_links":{"self":[{"href":"https:\/\/kodmalopolska.pl\/index.php?rest_route=\/wp\/v2\/posts\/10041","targetHints":{"allow":["GET"]}}],"collection":[{"href":"https:\/\/kodmalopolska.pl\/index.php?rest_route=\/wp\/v2\/posts"}],"about":[{"href":"https:\/\/kodmalopolska.pl\/index.php?rest_route=\/wp\/v2\/types\/post"}],"author":[{"embeddable":true,"href":"https:\/\/kodmalopolska.pl\/index.php?rest_route=\/wp\/v2\/users\/31"}],"replies":[{"embeddable":true,"href":"https:\/\/kodmalopolska.pl\/index.php?rest_route=%2Fwp%2Fv2%2Fcomments&post=10041"}],"version-history":[{"count":0,"href":"https:\/\/kodmalopolska.pl\/index.php?rest_route=\/wp\/v2\/posts\/10041\/revisions"}],"wp:attachment":[{"href":"https:\/\/kodmalopolska.pl\/index.php?rest_route=%2Fwp%2Fv2%2Fmedia&parent=10041"}],"wp:term":[{"taxonomy":"category","embeddable":true,"href":"https:\/\/kodmalopolska.pl\/index.php?rest_route=%2Fwp%2Fv2%2Fcategories&post=10041"},{"taxonomy":"post_tag","embeddable":true,"href":"https:\/\/kodmalopolska.pl\/index.php?rest_route=%2Fwp%2Fv2%2Ftags&post=10041"}],"curies":[{"name":"wp","href":"https:\/\/api.w.org\/{rel}","templated":true}]}}