{"id":40,"count":7,"description":"Aktualno\u015bci okr\u0119gu o\u015bwi\u0119cimsko-chrzanowskiego","link":"https:\/\/kodmalopolska.pl\/?cat=40","name":"O\u015bwi\u0119cim i Chrzan\u00f3w - okr\u0119gi","slug":"oswiecim-i-chrzanow-okregi","taxonomy":"category","parent":33,"meta":[],"_links":{"self":[{"href":"https:\/\/kodmalopolska.pl\/index.php?rest_route=\/wp\/v2\/categories\/40","targetHints":{"allow":["GET"]}}],"collection":[{"href":"https:\/\/kodmalopolska.pl\/index.php?rest_route=\/wp\/v2\/categories"}],"about":[{"href":"https:\/\/kodmalopolska.pl\/index.php?rest_route=\/wp\/v2\/taxonomies\/category"}],"up":[{"embeddable":true,"href":"https:\/\/kodmalopolska.pl\/index.php?rest_route=\/wp\/v2\/categories\/33"}],"wp:post_type":[{"href":"https:\/\/kodmalopolska.pl\/index.php?rest_route=%2Fwp%2Fv2%2Fposts&categories=40"},{"href":"https:\/\/kodmalopolska.pl\/index.php?rest_route=%2Fwp%2Fv2%2Fpages&categories=40"}],"curies":[{"name":"wp","href":"https:\/\/api.w.org\/{rel}","templated":true}]}}